{"id":10634,"date":"2023-03-14T21:28:04","date_gmt":"2023-03-14T20:28:04","guid":{"rendered":"https:\/\/www.gymnasium-jessen.de\/blog\/?p=10634"},"modified":"2023-03-14T21:36:06","modified_gmt":"2023-03-14T20:36:06","slug":"jugend-forscht-2023-greppin","status":"publish","type":"post","link":"https:\/\/www.gymnasium-jessen.de\/blog\/2023\/03\/14\/jugend-forscht-2023-greppin\/","title":{"rendered":"Jugend forscht 2023 Greppin"},"content":{"rendered":"\t\t<div data-elementor-type=\"wp-post\" data-elementor-id=\"10634\" class=\"elementor elementor-10634\" data-elementor-post-type=\"post\">\n\t\t\t\t\t\t<section class=\"elementor-section elementor-top-section elementor-element elementor-element-eae53b9 elementor-section-boxed elementor-section-height-default elementor-section-height-default\" data-id=\"eae53b9\" data-element_type=\"section\" data-e-type=\"section\">\n\t\t\t\t\t\t<div class=\"elementor-container elementor-column-gap-default\">\n\t\t\t\t\t<div class=\"elementor-column elementor-col-66 elementor-top-column elementor-element elementor-element-dfbbeae\" data-id=\"dfbbeae\" data-element_type=\"column\" data-e-type=\"column\">\n\t\t\t<div class=\"elementor-widget-wrap elementor-element-populated\">\n\t\t\t\t\t\t<div class=\"elementor-element elementor-element-f0e9563 elementor-widget elementor-widget-text-editor\" data-id=\"f0e9563\" data-element_type=\"widget\" data-e-type=\"widget\" data-widget_type=\"text-editor.default\">\n\t\t\t\t<div class=\"elementor-widget-container\">\n\t\t\t\t\t\t\t\t\t<p>Am 09.03.2023 waren wir in Greppin zum Regionalwettbewerb \u201eJugend forscht\u201c.\u00a0 Unser Betreuer und Projektleiter Herr Reusch begleitete uns. Um 08:45 Uhr kamen wir an. Dann haben wir unsere St\u00e4nde vorbereitet und sind rundherum gegangen, um zu schauen, welche Projekte die anderen Sch\u00fcler vorbereitet hatten. Sie kamen unter anderem vom Georg-Cantor-Gymnasium in Halle, vom Paul-Gerhardt-Gymnasium in Gr\u00e4fenhainichen, und ganz neu, von der Deutschen Schule in Prag.<\/p><p>Es waren einige sehr interessante Projekte mit dabei.<\/p><p>Um neun Uhr begann nach einer kurzen Ansprache der Rundgang der Jury. Sie stellten Fragen, gaben uns Tipps und Verbesserungsvorschl\u00e4ge und begutachteten unsere Projekte. Um elf Uhr war die Ausstellung des Wettbewerbs auch f\u00fcr Besucher ge\u00f6ffnet. Viele interessierte Mitarbeiter des veranstaltenden Unternehmens, der \u201eBayer Bitterfeld GmbH\u201c kamen vorbei und schauten sich unsere Projekte an. Danach konnte man um zw\u00f6lf Uhr Mittag essen gehen. Nach dem Mittagessen hatten wir die M\u00f6glichkeit, die Herstellung von Aspirin-Tabletten, die in dem Unternehmen hergestellt werden, anzuschauen. Danach fuhren wir mit einem Bus zur Siegerehrung. Unser Gymnasium hat den 2. Platz im Fachbereich Biologie \u201eSch\u00fcler experimentiert\u201c und den 3. Platz im Fachbereich Chemie \u201eSch\u00fcler Experimentiert belegt. Schlie\u00dflich bekamen wir auch den Schulpreis als Ansporn f\u00fcr weitere Wettbewerbsbeitr\u00e4ge. Es war ein sch\u00f6ner Tag.<\/p>\t\t\t\t\t\t\t\t<\/div>\n\t\t\t\t<\/div>\n\t\t\t\t\t<\/div>\n\t\t<\/div>\n\t\t\t\t<div class=\"elementor-column elementor-col-33 elementor-top-column elementor-element elementor-element-6d534c7\" data-id=\"6d534c7\" data-element_type=\"column\" data-e-type=\"column\">\n\t\t\t<div class=\"elementor-widget-wrap elementor-element-populated\">\n\t\t\t\t\t\t<div class=\"elementor-element elementor-element-972314d elementor-widget elementor-widget-image-gallery\" data-id=\"972314d\" data-element_type=\"widget\" data-e-type=\"widget\" data-widget_type=\"image-gallery.default\">\n\t\t\t\t<div class=\"elementor-widget-container\">\n\t\t\t\t\t\t\t<div class=\"elementor-image-gallery\">\n\t\t\t<div id='gallery-1' class='gallery galleryid-10634 gallery-columns-1 gallery-size-medium'><figure class='gallery-item'>\n\t\t\t<div class='gallery-icon portrait'>\n\t\t\t\t<a data-elementor-open-lightbox=\"yes\" data-elementor-lightbox-slideshow=\"972314d\" data-elementor-lightbox-title=\"rpt\" data-e-action-hash=\"#elementor-action%3Aaction%3Dlightbox%26settings%3DeyJpZCI6MTA2MzksInVybCI6Imh0dHBzOlwvXC93d3cuZ3ltbmFzaXVtLWplc3Nlbi5kZVwvYmxvZ1wvd3AtY29udGVudFwvdXBsb2Fkc1wvMjAyM1wvMDNcL0lNR18yMDIzMDMwOV8wOTQxNTktc2NhbGVkLmpwZyIsInNsaWRlc2hvdyI6Ijk3MjMxNGQifQ%3D%3D\" href='https:\/\/www.gymnasium-jessen.de\/blog\/wp-content\/uploads\/2023\/03\/IMG_20230309_094159-scaled.jpg'><img fetchpriority=\"high\" decoding=\"async\" width=\"225\" height=\"300\" src=\"https:\/\/www.gymnasium-jessen.de\/blog\/wp-content\/uploads\/2023\/03\/IMG_20230309_094159-225x300.jpg\" class=\"attachment-medium size-medium\" alt=\"\" srcset=\"https:\/\/www.gymnasium-jessen.de\/blog\/wp-content\/uploads\/2023\/03\/IMG_20230309_094159-225x300.jpg 225w, https:\/\/www.gymnasium-jessen.de\/blog\/wp-content\/uploads\/2023\/03\/IMG_20230309_094159-768x1024.jpg 768w, https:\/\/www.gymnasium-jessen.de\/blog\/wp-content\/uploads\/2023\/03\/IMG_20230309_094159-1152x1536.jpg 1152w, https:\/\/www.gymnasium-jessen.de\/blog\/wp-content\/uploads\/2023\/03\/IMG_20230309_094159-1536x2048.jpg 1536w, https:\/\/www.gymnasium-jessen.de\/blog\/wp-content\/uploads\/2023\/03\/IMG_20230309_094159-scaled.jpg 1920w\" sizes=\"(max-width: 225px) 100vw, 225px\" \/><\/a>\n\t\t\t<\/div><\/figure><figure class='gallery-item'>\n\t\t\t<div class='gallery-icon portrait'>\n\t\t\t\t<a data-elementor-open-lightbox=\"yes\" data-elementor-lightbox-slideshow=\"972314d\" data-elementor-lightbox-title=\"IMG_20230309_103510\" data-e-action-hash=\"#elementor-action%3Aaction%3Dlightbox%26settings%3DeyJpZCI6MTA2NDAsInVybCI6Imh0dHBzOlwvXC93d3cuZ3ltbmFzaXVtLWplc3Nlbi5kZVwvYmxvZ1wvd3AtY29udGVudFwvdXBsb2Fkc1wvMjAyM1wvMDNcL0lNR18yMDIzMDMwOV8xMDM1MTAtc2NhbGVkLmpwZyIsInNsaWRlc2hvdyI6Ijk3MjMxNGQifQ%3D%3D\" href='https:\/\/www.gymnasium-jessen.de\/blog\/wp-content\/uploads\/2023\/03\/IMG_20230309_103510-scaled.jpg'><img decoding=\"async\" width=\"225\" height=\"300\" src=\"https:\/\/www.gymnasium-jessen.de\/blog\/wp-content\/uploads\/2023\/03\/IMG_20230309_103510-225x300.jpg\" class=\"attachment-medium size-medium\" alt=\"\" srcset=\"https:\/\/www.gymnasium-jessen.de\/blog\/wp-content\/uploads\/2023\/03\/IMG_20230309_103510-225x300.jpg 225w, https:\/\/www.gymnasium-jessen.de\/blog\/wp-content\/uploads\/2023\/03\/IMG_20230309_103510-768x1024.jpg 768w, https:\/\/www.gymnasium-jessen.de\/blog\/wp-content\/uploads\/2023\/03\/IMG_20230309_103510-1152x1536.jpg 1152w, https:\/\/www.gymnasium-jessen.de\/blog\/wp-content\/uploads\/2023\/03\/IMG_20230309_103510-1536x2048.jpg 1536w, https:\/\/www.gymnasium-jessen.de\/blog\/wp-content\/uploads\/2023\/03\/IMG_20230309_103510-scaled.jpg 1920w\" sizes=\"(max-width: 225px) 100vw, 225px\" \/><\/a>\n\t\t\t<\/div><\/figure><figure class='gallery-item'>\n\t\t\t<div class='gallery-icon landscape'>\n\t\t\t\t<a data-elementor-open-lightbox=\"yes\" data-elementor-lightbox-slideshow=\"972314d\" data-elementor-lightbox-title=\"IMG_20230309_145511\" data-e-action-hash=\"#elementor-action%3Aaction%3Dlightbox%26settings%3DeyJpZCI6MTA2NDEsInVybCI6Imh0dHBzOlwvXC93d3cuZ3ltbmFzaXVtLWplc3Nlbi5kZVwvYmxvZ1wvd3AtY29udGVudFwvdXBsb2Fkc1wvMjAyM1wvMDNcL0lNR18yMDIzMDMwOV8xNDU1MTEtc2NhbGVkLmpwZyIsInNsaWRlc2hvdyI6Ijk3MjMxNGQifQ%3D%3D\" href='https:\/\/www.gymnasium-jessen.de\/blog\/wp-content\/uploads\/2023\/03\/IMG_20230309_145511-scaled.jpg'><img decoding=\"async\" width=\"300\" height=\"225\" src=\"https:\/\/www.gymnasium-jessen.de\/blog\/wp-content\/uploads\/2023\/03\/IMG_20230309_145511-300x225.jpg\" class=\"attachment-medium size-medium\" alt=\"\" srcset=\"https:\/\/www.gymnasium-jessen.de\/blog\/wp-content\/uploads\/2023\/03\/IMG_20230309_145511-300x225.jpg 300w, https:\/\/www.gymnasium-jessen.de\/blog\/wp-content\/uploads\/2023\/03\/IMG_20230309_145511-1024x768.jpg 1024w, https:\/\/www.gymnasium-jessen.de\/blog\/wp-content\/uploads\/2023\/03\/IMG_20230309_145511-768x576.jpg 768w, https:\/\/www.gymnasium-jessen.de\/blog\/wp-content\/uploads\/2023\/03\/IMG_20230309_145511-1536x1152.jpg 1536w, https:\/\/www.gymnasium-jessen.de\/blog\/wp-content\/uploads\/2023\/03\/IMG_20230309_145511-2048x1536.jpg 2048w\" sizes=\"(max-width: 300px) 100vw, 300px\" \/><\/a>\n\t\t\t<\/div><\/figure><figure class='gallery-item'>\n\t\t\t<div class='gallery-icon portrait'>\n\t\t\t\t<a data-elementor-open-lightbox=\"yes\" data-elementor-lightbox-slideshow=\"972314d\" data-elementor-lightbox-title=\"IMG_20230309_215741\" data-e-action-hash=\"#elementor-action%3Aaction%3Dlightbox%26settings%3DeyJpZCI6MTA2NDIsInVybCI6Imh0dHBzOlwvXC93d3cuZ3ltbmFzaXVtLWplc3Nlbi5kZVwvYmxvZ1wvd3AtY29udGVudFwvdXBsb2Fkc1wvMjAyM1wvMDNcL0lNR18yMDIzMDMwOV8yMTU3NDEtc2NhbGVkLWUxNjc4ODI1OTgyMjQxLmpwZyIsInNsaWRlc2hvdyI6Ijk3MjMxNGQifQ%3D%3D\" href='https:\/\/www.gymnasium-jessen.de\/blog\/wp-content\/uploads\/2023\/03\/IMG_20230309_215741-scaled-e1678825982241.jpg'><img loading=\"lazy\" decoding=\"async\" width=\"225\" height=\"300\" src=\"https:\/\/www.gymnasium-jessen.de\/blog\/wp-content\/uploads\/2023\/03\/IMG_20230309_215741-scaled-e1678825982241-225x300.jpg\" class=\"attachment-medium size-medium\" alt=\"\" srcset=\"https:\/\/www.gymnasium-jessen.de\/blog\/wp-content\/uploads\/2023\/03\/IMG_20230309_215741-scaled-e1678825982241-225x300.jpg 225w, https:\/\/www.gymnasium-jessen.de\/blog\/wp-content\/uploads\/2023\/03\/IMG_20230309_215741-scaled-e1678825982241-768x1024.jpg 768w, https:\/\/www.gymnasium-jessen.de\/blog\/wp-content\/uploads\/2023\/03\/IMG_20230309_215741-scaled-e1678825982241-1152x1536.jpg 1152w, https:\/\/www.gymnasium-jessen.de\/blog\/wp-content\/uploads\/2023\/03\/IMG_20230309_215741-scaled-e1678825982241-1536x2048.jpg 1536w, https:\/\/www.gymnasium-jessen.de\/blog\/wp-content\/uploads\/2023\/03\/IMG_20230309_215741-scaled-e1678825982241.jpg 1920w\" sizes=\"(max-width: 225px) 100vw, 225px\" \/><\/a>\n\t\t\t<\/div><\/figure>\n\t\t<\/div>\n\t\t<\/div>\n\t\t\t\t\t\t<\/div>\n\t\t\t\t<\/div>\n\t\t\t\t\t<\/div>\n\t\t<\/div>\n\t\t\t\t\t<\/div>\n\t\t<\/section>\n\t\t\t\t<\/div>\n\t\t","protected":false},"excerpt":{"rendered":"<p>Am 09.03.2023 waren wir in Greppin zum Regionalwettbewerb \u201eJugend forscht\u201c.&nbsp; Unser Betreuer und Projektleiter Herr Reusch begleitete uns. Um 08:45 Uhr kamen wir an. Dann haben wir unsere St\u00e4nde vorbereitet und sind rundherum gegangen, um zu schauen, welche Projekte die anderen Sch\u00fcler vorbereitet hatten. Sie kamen unter anderem vom Georg-Cantor-Gymnasium in Halle, vom Paul-Gerhardt-Gymnasium in [&hellip;]<\/p>\n","protected":false},"author":3,"featured_media":10641,"comment_status":"closed","ping_status":"closed","sticky":false,"template":"","format":"standard","meta":{"footnotes":""},"categories":[1],"tags":[],"class_list":["post-10634","post","type-post","status-publish","format-standard","has-post-thumbnail","hentry","category-uncategorized"],"_links":{"self":[{"href":"https:\/\/www.gymnasium-jessen.de\/blog\/wp-json\/wp\/v2\/posts\/10634","targetHints":{"allow":["GET"]}}],"collection":[{"href":"https:\/\/www.gymnasium-jessen.de\/blog\/wp-json\/wp\/v2\/posts"}],"about":[{"href":"https:\/\/www.gymnasium-jessen.de\/blog\/wp-json\/wp\/v2\/types\/post"}],"author":[{"embeddable":true,"href":"https:\/\/www.gymnasium-jessen.de\/blog\/wp-json\/wp\/v2\/users\/3"}],"replies":[{"embeddable":true,"href":"https:\/\/www.gymnasium-jessen.de\/blog\/wp-json\/wp\/v2\/comments?post=10634"}],"version-history":[{"count":9,"href":"https:\/\/www.gymnasium-jessen.de\/blog\/wp-json\/wp\/v2\/posts\/10634\/revisions"}],"predecessor-version":[{"id":16370,"href":"https:\/\/www.gymnasium-jessen.de\/blog\/wp-json\/wp\/v2\/posts\/10634\/revisions\/16370"}],"wp:featuredmedia":[{"embeddable":true,"href":"https:\/\/www.gymnasium-jessen.de\/blog\/wp-json\/wp\/v2\/media\/10641"}],"wp:attachment":[{"href":"https:\/\/www.gymnasium-jessen.de\/blog\/wp-json\/wp\/v2\/media?parent=10634"}],"wp:term":[{"taxonomy":"category","embeddable":true,"href":"https:\/\/www.gymnasium-jessen.de\/blog\/wp-json\/wp\/v2\/categories?post=10634"},{"taxonomy":"post_tag","embeddable":true,"href":"https:\/\/www.gymnasium-jessen.de\/blog\/wp-json\/wp\/v2\/tags?post=10634"}],"curies":[{"name":"wp","href":"https:\/\/api.w.org\/{rel}","templated":true}]}}